{"id":70,"date":"2017-01-03T04:00:52","date_gmt":"2017-01-03T04:00:52","guid":{"rendered":"http:\/\/bataille-de-sedan.net\/bswp\/?p=70"},"modified":"2017-01-04T04:33:51","modified_gmt":"2017-01-04T04:33:51","slug":"chapitre-1-la-bataille-de-sedan","status":"publish","type":"post","link":"http:\/\/bataille-de-sedan.net\/index.php\/2017\/01\/03\/chapitre-1-la-bataille-de-sedan\/","title":{"rendered":"Chapitre 1 : La bataille"},"content":{"rendered":"<p><strong>La bataille de Sedan eut lieu le 1er septembre 1870 entre, d\u2019une part l\u2019arm\u00e9e dite de Ch\u00e2lons, parce que c\u2019est au camp militaire de Ch\u00e2lons que s\u2019\u00e9tait reconstitu\u00e9s les d\u00e9bris de l\u2019arm\u00e9e d\u2019Alsace, d\u00e9sorganis\u00e9e par la d\u00e9faite\u00a0 de Fr\u0153schwiller, le 6 ao\u00fbt 1870, et, d\u2019autre part, une forte partie de l\u2019arm\u00e9e allemande, sous le haut commandement du mar\u00e9chal de Moltke. Les forces fran\u00e7aises \u00e9taient d\u2019environ 120.000 hommes\u00a0 et les forces allemandes de plus de 200.000.<\/strong><\/p>\n<p>Mais qu\u2019est-ce que Sedan ? Une petite place du Nord fortifi\u00e9e par Vauban, derri\u00e8re laquelle, le 31 ao\u00fbt 1870, est venue s\u2019entasser l\u2019arm\u00e9e de Ch\u00e2lons command\u00e9e par le mar\u00e9chal de Mac Mahon. Cette arm\u00e9e repr\u00e9sente moins de la moiti\u00e9 des forces fran\u00e7aises ; l\u2019autre plus forte moiti\u00e9, celle de Bazaine, est d\u00e9j\u00e0 enferm\u00e9e contre les murs de Metz et cern\u00e9e par 200.000 Allemands. Bazaine sera\u00a0 contraint de capituler dans moins de deux mois. L\u2019arm\u00e9e de Ch\u00e2lons est donc la seule force op\u00e9rationnelle qui reste \u00e0 la France pour lutter contre l\u2019arm\u00e9e du g\u00e9n\u00e9ral de Moltke, d\u00e9j\u00e0 arriv\u00e9e \u00e0 la hauteur de Sainte-Menehould.<br \/>\nMalgr\u00e9 les avertissements que lui donnent ses g\u00e9n\u00e9raux et les habitants, Mac Mahon a d\u00e9cid\u00e9 de laisser reposer ses troupes entre les murs de Sedan et la for\u00eat qui longe la fronti\u00e8re belge. Au d\u00e9sespoir des plus perspicaces de son arm\u00e9e, il n\u2019a pr\u00e9vu ni plan d\u2019op\u00e9rations ni ligne de retraite et ne veut pas croire \u00e0 la proximit\u00e9 et \u00e0 l\u2019importance des troupes allemandes. Il n\u2019attache non plus aucun int\u00e9r\u00eat \u00e0 cette particularit\u00e9 prussienne de l\u2019art de combattre, qui consiste \u00e0 envelopper l\u2019ennemi de toutes parts, puis \u00e0 l\u2019\u00e9craser avec sa puissante artillerie. Si l\u2019arm\u00e9e fran\u00e7aise est entour\u00e9e par les forces allemandes, elle est perdue. Mais Mac Mahon ne veut rien entendre : s\u2019il faut combattre, on combattra.<br \/>\nC\u2019est bien ce qui va se produire le lendemain, 1er septembre, d\u00e8s 4 heures du matin : l\u2019arm\u00e9e de Mac Mahon sera peu \u00e0 peu entour\u00e9e et compl\u00e8tement cern\u00e9e \u00e0 midi. Un bombardement syst\u00e9matique sera alors dirig\u00e9 sur les Fran\u00e7ais qui, malgr\u00e9 leur courage et des actions h\u00e9ro\u00efques, seront refoul\u00e9s vers les remparts de Sedan. Vers 4 heures, pour en finir, le roi Guillaume fait bombarder la ville\u00a0 et vers 6 heures, les combats s\u2019arr\u00eatent ; l\u2019arm\u00e9e fran\u00e7aise est enti\u00e8rement d\u00e9sorganis\u00e9e. L\u2019Empereur Napol\u00e9on III remet son \u00e9p\u00e9e au Roi de Prusse et le g\u00e9n\u00e9ral de Wimpffen, qui a revendiqu\u00e9 le commandement apr\u00e8s que Mac Mahon a \u00e9t\u00e9 bless\u00e9, ira n\u00e9gocier les conditions de reddition aupr\u00e8s du g\u00e9n\u00e9ral de Moltke et de Bismarck ; celle-ci seront impitoyables : toute l\u2019arm\u00e9e sera prisonni\u00e8re et tout le mat\u00e9riel et les valeurs seront livr\u00e9s au vainqueur.<br \/>\n\u00c0 la suite de cette d\u00e9faite, le gouvernemental imp\u00e9rial s\u2019\u00e9croulera, l\u2019Imp\u00e9ratrice r\u00e9gente s\u2019enfuira et les d\u00e9put\u00e9s r\u00e9publicains, ramassant le pouvoir, les quelques maigres troupes qui restent et faisant appel aux Fran\u00e7ais rel\u00e8veront le d\u00e9fi : on continuera le combat.<\/p>\n","protected":false},"excerpt":{"rendered":"<p>La bataille de Sedan eut lieu le 1er septembre 1870 entre, d\u2019une part l\u2019arm\u00e9e dite de Ch\u00e2lons, parce que c\u2019est au camp militaire de Ch\u00e2lons que s\u2019\u00e9tait reconstitu\u00e9s les d\u00e9bris de l\u2019arm\u00e9e d\u2019Alsace, d\u00e9sorganis\u00e9e par la d\u00e9faite\u00a0 de Fr\u0153schwiller, le 6 ao\u00fbt 1870, et, d\u2019autre part, une forte partie de l\u2019arm\u00e9e allemande, sous le haut [&hellip;]<\/p>\n","protected":false},"author":1,"featured_media":45,"comment_status":"open","ping_status":"open","sticky":false,"template":"","format":"standard","meta":{"footnotes":""},"categories":[1],"tags":[],"class_list":["post-70","post","type-post","status-publish","format-standard","has-post-thumbnail","hentry","category-uncategorized"],"yoast_head":"<!-- This site is optimized with the Yoast SEO plugin v27.5 - https:\/\/yoast.com\/product\/yoast-seo-wordpress\/ -->\n<title>Chapitre 1 : La bataille - La Bataille de Sedan<\/title>\n<meta name=\"robots\" content=\"index, follow, max-snippet:-1, max-image-preview:large, max-video-preview:-1\" \/>\n<link rel=\"canonical\" href=\"http:\/\/bataille-de-sedan.net\/index.php\/2017\/01\/03\/chapitre-1-la-bataille-de-sedan\/\" \/>\n<meta property=\"og:locale\" content=\"en_GB\" \/>\n<meta property=\"og:type\" content=\"article\" \/>\n<meta property=\"og:title\" content=\"Chapitre 1 : La bataille - La Bataille de Sedan\" \/>\n<meta property=\"og:description\" content=\"La bataille de Sedan eut lieu le 1er septembre 1870 entre, d\u2019une part l\u2019arm\u00e9e dite de Ch\u00e2lons, parce que c\u2019est au camp militaire de Ch\u00e2lons que s\u2019\u00e9tait reconstitu\u00e9s les d\u00e9bris de l\u2019arm\u00e9e d\u2019Alsace, d\u00e9sorganis\u00e9e par la d\u00e9faite\u00a0 de Fr\u0153schwiller, le 6 ao\u00fbt 1870, et, d\u2019autre part, une forte partie de l\u2019arm\u00e9e allemande, sous le haut [&hellip;]\" \/>\n<meta property=\"og:url\" content=\"http:\/\/bataille-de-sedan.net\/index.php\/2017\/01\/03\/chapitre-1-la-bataille-de-sedan\/\" \/>\n<meta property=\"og:site_name\" content=\"La Bataille de Sedan\" \/>\n<meta property=\"article:published_time\" content=\"2017-01-03T04:00:52+00:00\" \/>\n<meta property=\"article:modified_time\" content=\"2017-01-04T04:33:51+00:00\" \/>\n<meta property=\"og:image\" content=\"http:\/\/bataille-de-sedan.net\/bswp\/wp-content\/uploads\/2017\/01\/Site-Sedan-4-1.jpg\" \/>\n\t<meta property=\"og:image:width\" content=\"1654\" \/>\n\t<meta property=\"og:image:height\" content=\"2339\" \/>\n\t<meta property=\"og:image:type\" content=\"image\/jpeg\" \/>\n<meta name=\"author\" content=\"Sed4nAdmin\" \/>\n<meta name=\"twitter:card\" content=\"summary_large_image\" \/>\n<meta name=\"twitter:label1\" content=\"Written by\" \/>\n\t<meta name=\"twitter:data1\" content=\"Sed4nAdmin\" \/>\n\t<meta name=\"twitter:label2\" content=\"Estimated reading time\" \/>\n\t<meta name=\"twitter:data2\" content=\"3 minutes\" \/>\n<script type=\"application\/ld+json\" class=\"yoast-schema-graph\">{\"@context\":\"https:\\\/\\\/schema.org\",\"@graph\":[{\"@type\":\"Article\",\"@id\":\"http:\\\/\\\/bataille-de-sedan.net\\\/index.php\\\/2017\\\/01\\\/03\\\/chapitre-1-la-bataille-de-sedan\\\/#article\",\"isPartOf\":{\"@id\":\"http:\\\/\\\/bataille-de-sedan.net\\\/index.php\\\/2017\\\/01\\\/03\\\/chapitre-1-la-bataille-de-sedan\\\/\"},\"author\":{\"name\":\"Sed4nAdmin\",\"@id\":\"http:\\\/\\\/bataille-de-sedan.net\\\/#\\\/schema\\\/person\\\/5c9a22f7f57fdb89710fb05574a98399\"},\"headline\":\"Chapitre 1 : La bataille\",\"datePublished\":\"2017-01-03T04:00:52+00:00\",\"dateModified\":\"2017-01-04T04:33:51+00:00\",\"mainEntityOfPage\":{\"@id\":\"http:\\\/\\\/bataille-de-sedan.net\\\/index.php\\\/2017\\\/01\\\/03\\\/chapitre-1-la-bataille-de-sedan\\\/\"},\"wordCount\":572,\"commentCount\":0,\"image\":{\"@id\":\"http:\\\/\\\/bataille-de-sedan.net\\\/index.php\\\/2017\\\/01\\\/03\\\/chapitre-1-la-bataille-de-sedan\\\/#primaryimage\"},\"thumbnailUrl\":\"http:\\\/\\\/bataille-de-sedan.net\\\/bswp\\\/wp-content\\\/uploads\\\/2017\\\/01\\\/Site-Sedan-4-1.jpg\",\"articleSection\":[\"Uncategorized\"],\"inLanguage\":\"en-GB\",\"potentialAction\":[{\"@type\":\"CommentAction\",\"name\":\"Comment\",\"target\":[\"http:\\\/\\\/bataille-de-sedan.net\\\/index.php\\\/2017\\\/01\\\/03\\\/chapitre-1-la-bataille-de-sedan\\\/#respond\"]}]},{\"@type\":\"WebPage\",\"@id\":\"http:\\\/\\\/bataille-de-sedan.net\\\/index.php\\\/2017\\\/01\\\/03\\\/chapitre-1-la-bataille-de-sedan\\\/\",\"url\":\"http:\\\/\\\/bataille-de-sedan.net\\\/index.php\\\/2017\\\/01\\\/03\\\/chapitre-1-la-bataille-de-sedan\\\/\",\"name\":\"Chapitre 1 : La bataille - La Bataille de Sedan\",\"isPartOf\":{\"@id\":\"http:\\\/\\\/bataille-de-sedan.net\\\/#website\"},\"primaryImageOfPage\":{\"@id\":\"http:\\\/\\\/bataille-de-sedan.net\\\/index.php\\\/2017\\\/01\\\/03\\\/chapitre-1-la-bataille-de-sedan\\\/#primaryimage\"},\"image\":{\"@id\":\"http:\\\/\\\/bataille-de-sedan.net\\\/index.php\\\/2017\\\/01\\\/03\\\/chapitre-1-la-bataille-de-sedan\\\/#primaryimage\"},\"thumbnailUrl\":\"http:\\\/\\\/bataille-de-sedan.net\\\/bswp\\\/wp-content\\\/uploads\\\/2017\\\/01\\\/Site-Sedan-4-1.jpg\",\"datePublished\":\"2017-01-03T04:00:52+00:00\",\"dateModified\":\"2017-01-04T04:33:51+00:00\",\"author\":{\"@id\":\"http:\\\/\\\/bataille-de-sedan.net\\\/#\\\/schema\\\/person\\\/5c9a22f7f57fdb89710fb05574a98399\"},\"breadcrumb\":{\"@id\":\"http:\\\/\\\/bataille-de-sedan.net\\\/index.php\\\/2017\\\/01\\\/03\\\/chapitre-1-la-bataille-de-sedan\\\/#breadcrumb\"},\"inLanguage\":\"en-GB\",\"potentialAction\":[{\"@type\":\"ReadAction\",\"target\":[\"http:\\\/\\\/bataille-de-sedan.net\\\/index.php\\\/2017\\\/01\\\/03\\\/chapitre-1-la-bataille-de-sedan\\\/\"]}]},{\"@type\":\"ImageObject\",\"inLanguage\":\"en-GB\",\"@id\":\"http:\\\/\\\/bataille-de-sedan.net\\\/index.php\\\/2017\\\/01\\\/03\\\/chapitre-1-la-bataille-de-sedan\\\/#primaryimage\",\"url\":\"http:\\\/\\\/bataille-de-sedan.net\\\/bswp\\\/wp-content\\\/uploads\\\/2017\\\/01\\\/Site-Sedan-4-1.jpg\",\"contentUrl\":\"http:\\\/\\\/bataille-de-sedan.net\\\/bswp\\\/wp-content\\\/uploads\\\/2017\\\/01\\\/Site-Sedan-4-1.jpg\",\"width\":1654,\"height\":2339},{\"@type\":\"BreadcrumbList\",\"@id\":\"http:\\\/\\\/bataille-de-sedan.net\\\/index.php\\\/2017\\\/01\\\/03\\\/chapitre-1-la-bataille-de-sedan\\\/#breadcrumb\",\"itemListElement\":[{\"@type\":\"ListItem\",\"position\":1,\"name\":\"Home\",\"item\":\"http:\\\/\\\/bataille-de-sedan.net\\\/\"},{\"@type\":\"ListItem\",\"position\":2,\"name\":\"Chapitre 1 : La bataille\"}]},{\"@type\":\"WebSite\",\"@id\":\"http:\\\/\\\/bataille-de-sedan.net\\\/#website\",\"url\":\"http:\\\/\\\/bataille-de-sedan.net\\\/\",\"name\":\"La Bataille de Sedan\",\"description\":\"L&#039;ouvrage d&#039;Andr\u00e9 B\u00e9guin\",\"potentialAction\":[{\"@type\":\"SearchAction\",\"target\":{\"@type\":\"EntryPoint\",\"urlTemplate\":\"http:\\\/\\\/bataille-de-sedan.net\\\/?s={search_term_string}\"},\"query-input\":{\"@type\":\"PropertyValueSpecification\",\"valueRequired\":true,\"valueName\":\"search_term_string\"}}],\"inLanguage\":\"en-GB\"},{\"@type\":\"Person\",\"@id\":\"http:\\\/\\\/bataille-de-sedan.net\\\/#\\\/schema\\\/person\\\/5c9a22f7f57fdb89710fb05574a98399\",\"name\":\"Sed4nAdmin\",\"image\":{\"@type\":\"ImageObject\",\"inLanguage\":\"en-GB\",\"@id\":\"https:\\\/\\\/secure.gravatar.com\\\/avatar\\\/53652a954e685fefd683eb094667bf23cf169129d1db59cb3610f663f5518f46?s=96&d=mm&r=g\",\"url\":\"https:\\\/\\\/secure.gravatar.com\\\/avatar\\\/53652a954e685fefd683eb094667bf23cf169129d1db59cb3610f663f5518f46?s=96&d=mm&r=g\",\"contentUrl\":\"https:\\\/\\\/secure.gravatar.com\\\/avatar\\\/53652a954e685fefd683eb094667bf23cf169129d1db59cb3610f663f5518f46?s=96&d=mm&r=g\",\"caption\":\"Sed4nAdmin\"},\"url\":\"http:\\\/\\\/bataille-de-sedan.net\\\/index.php\\\/author\\\/sed4nadmin\\\/\"}]}<\/script>\n<!-- \/ Yoast SEO plugin. -->","yoast_head_json":{"title":"Chapitre 1 : La bataille - La Bataille de Sedan","robots":{"index":"index","follow":"follow","max-snippet":"max-snippet:-1","max-image-preview":"max-image-preview:large","max-video-preview":"max-video-preview:-1"},"canonical":"http:\/\/bataille-de-sedan.net\/index.php\/2017\/01\/03\/chapitre-1-la-bataille-de-sedan\/","og_locale":"en_GB","og_type":"article","og_title":"Chapitre 1 : La bataille - La Bataille de Sedan","og_description":"La bataille de Sedan eut lieu le 1er septembre 1870 entre, d\u2019une part l\u2019arm\u00e9e dite de Ch\u00e2lons, parce que c\u2019est au camp militaire de Ch\u00e2lons que s\u2019\u00e9tait reconstitu\u00e9s les d\u00e9bris de l\u2019arm\u00e9e d\u2019Alsace, d\u00e9sorganis\u00e9e par la d\u00e9faite\u00a0 de Fr\u0153schwiller, le 6 ao\u00fbt 1870, et, d\u2019autre part, une forte partie de l\u2019arm\u00e9e allemande, sous le haut [&hellip;]","og_url":"http:\/\/bataille-de-sedan.net\/index.php\/2017\/01\/03\/chapitre-1-la-bataille-de-sedan\/","og_site_name":"La Bataille de Sedan","article_published_time":"2017-01-03T04:00:52+00:00","article_modified_time":"2017-01-04T04:33:51+00:00","og_image":[{"width":1654,"height":2339,"url":"http:\/\/bataille-de-sedan.net\/bswp\/wp-content\/uploads\/2017\/01\/Site-Sedan-4-1.jpg","type":"image\/jpeg"}],"author":"Sed4nAdmin","twitter_card":"summary_large_image","twitter_misc":{"Written by":"Sed4nAdmin","Estimated reading time":"3 minutes"},"schema":{"@context":"https:\/\/schema.org","@graph":[{"@type":"Article","@id":"http:\/\/bataille-de-sedan.net\/index.php\/2017\/01\/03\/chapitre-1-la-bataille-de-sedan\/#article","isPartOf":{"@id":"http:\/\/bataille-de-sedan.net\/index.php\/2017\/01\/03\/chapitre-1-la-bataille-de-sedan\/"},"author":{"name":"Sed4nAdmin","@id":"http:\/\/bataille-de-sedan.net\/#\/schema\/person\/5c9a22f7f57fdb89710fb05574a98399"},"headline":"Chapitre 1 : La bataille","datePublished":"2017-01-03T04:00:52+00:00","dateModified":"2017-01-04T04:33:51+00:00","mainEntityOfPage":{"@id":"http:\/\/bataille-de-sedan.net\/index.php\/2017\/01\/03\/chapitre-1-la-bataille-de-sedan\/"},"wordCount":572,"commentCount":0,"image":{"@id":"http:\/\/bataille-de-sedan.net\/index.php\/2017\/01\/03\/chapitre-1-la-bataille-de-sedan\/#primaryimage"},"thumbnailUrl":"http:\/\/bataille-de-sedan.net\/bswp\/wp-content\/uploads\/2017\/01\/Site-Sedan-4-1.jpg","articleSection":["Uncategorized"],"inLanguage":"en-GB","potentialAction":[{"@type":"CommentAction","name":"Comment","target":["http:\/\/bataille-de-sedan.net\/index.php\/2017\/01\/03\/chapitre-1-la-bataille-de-sedan\/#respond"]}]},{"@type":"WebPage","@id":"http:\/\/bataille-de-sedan.net\/index.php\/2017\/01\/03\/chapitre-1-la-bataille-de-sedan\/","url":"http:\/\/bataille-de-sedan.net\/index.php\/2017\/01\/03\/chapitre-1-la-bataille-de-sedan\/","name":"Chapitre 1 : La bataille - La Bataille de Sedan","isPartOf":{"@id":"http:\/\/bataille-de-sedan.net\/#website"},"primaryImageOfPage":{"@id":"http:\/\/bataille-de-sedan.net\/index.php\/2017\/01\/03\/chapitre-1-la-bataille-de-sedan\/#primaryimage"},"image":{"@id":"http:\/\/bataille-de-sedan.net\/index.php\/2017\/01\/03\/chapitre-1-la-bataille-de-sedan\/#primaryimage"},"thumbnailUrl":"http:\/\/bataille-de-sedan.net\/bswp\/wp-content\/uploads\/2017\/01\/Site-Sedan-4-1.jpg","datePublished":"2017-01-03T04:00:52+00:00","dateModified":"2017-01-04T04:33:51+00:00","author":{"@id":"http:\/\/bataille-de-sedan.net\/#\/schema\/person\/5c9a22f7f57fdb89710fb05574a98399"},"breadcrumb":{"@id":"http:\/\/bataille-de-sedan.net\/index.php\/2017\/01\/03\/chapitre-1-la-bataille-de-sedan\/#breadcrumb"},"inLanguage":"en-GB","potentialAction":[{"@type":"ReadAction","target":["http:\/\/bataille-de-sedan.net\/index.php\/2017\/01\/03\/chapitre-1-la-bataille-de-sedan\/"]}]},{"@type":"ImageObject","inLanguage":"en-GB","@id":"http:\/\/bataille-de-sedan.net\/index.php\/2017\/01\/03\/chapitre-1-la-bataille-de-sedan\/#primaryimage","url":"http:\/\/bataille-de-sedan.net\/bswp\/wp-content\/uploads\/2017\/01\/Site-Sedan-4-1.jpg","contentUrl":"http:\/\/bataille-de-sedan.net\/bswp\/wp-content\/uploads\/2017\/01\/Site-Sedan-4-1.jpg","width":1654,"height":2339},{"@type":"BreadcrumbList","@id":"http:\/\/bataille-de-sedan.net\/index.php\/2017\/01\/03\/chapitre-1-la-bataille-de-sedan\/#breadcrumb","itemListElement":[{"@type":"ListItem","position":1,"name":"Home","item":"http:\/\/bataille-de-sedan.net\/"},{"@type":"ListItem","position":2,"name":"Chapitre 1 : La bataille"}]},{"@type":"WebSite","@id":"http:\/\/bataille-de-sedan.net\/#website","url":"http:\/\/bataille-de-sedan.net\/","name":"La Bataille de Sedan","description":"L&#039;ouvrage d&#039;Andr\u00e9 B\u00e9guin","potentialAction":[{"@type":"SearchAction","target":{"@type":"EntryPoint","urlTemplate":"http:\/\/bataille-de-sedan.net\/?s={search_term_string}"},"query-input":{"@type":"PropertyValueSpecification","valueRequired":true,"valueName":"search_term_string"}}],"inLanguage":"en-GB"},{"@type":"Person","@id":"http:\/\/bataille-de-sedan.net\/#\/schema\/person\/5c9a22f7f57fdb89710fb05574a98399","name":"Sed4nAdmin","image":{"@type":"ImageObject","inLanguage":"en-GB","@id":"https:\/\/secure.gravatar.com\/avatar\/53652a954e685fefd683eb094667bf23cf169129d1db59cb3610f663f5518f46?s=96&d=mm&r=g","url":"https:\/\/secure.gravatar.com\/avatar\/53652a954e685fefd683eb094667bf23cf169129d1db59cb3610f663f5518f46?s=96&d=mm&r=g","contentUrl":"https:\/\/secure.gravatar.com\/avatar\/53652a954e685fefd683eb094667bf23cf169129d1db59cb3610f663f5518f46?s=96&d=mm&r=g","caption":"Sed4nAdmin"},"url":"http:\/\/bataille-de-sedan.net\/index.php\/author\/sed4nadmin\/"}]}},"_links":{"self":[{"href":"http:\/\/bataille-de-sedan.net\/index.php\/wp-json\/wp\/v2\/posts\/70","targetHints":{"allow":["GET"]}}],"collection":[{"href":"http:\/\/bataille-de-sedan.net\/index.php\/wp-json\/wp\/v2\/posts"}],"about":[{"href":"http:\/\/bataille-de-sedan.net\/index.php\/wp-json\/wp\/v2\/types\/post"}],"author":[{"embeddable":true,"href":"http:\/\/bataille-de-sedan.net\/index.php\/wp-json\/wp\/v2\/users\/1"}],"replies":[{"embeddable":true,"href":"http:\/\/bataille-de-sedan.net\/index.php\/wp-json\/wp\/v2\/comments?post=70"}],"version-history":[{"count":3,"href":"http:\/\/bataille-de-sedan.net\/index.php\/wp-json\/wp\/v2\/posts\/70\/revisions"}],"predecessor-version":[{"id":135,"href":"http:\/\/bataille-de-sedan.net\/index.php\/wp-json\/wp\/v2\/posts\/70\/revisions\/135"}],"wp:featuredmedia":[{"embeddable":true,"href":"http:\/\/bataille-de-sedan.net\/index.php\/wp-json\/wp\/v2\/media\/45"}],"wp:attachment":[{"href":"http:\/\/bataille-de-sedan.net\/index.php\/wp-json\/wp\/v2\/media?parent=70"}],"wp:term":[{"taxonomy":"category","embeddable":true,"href":"http:\/\/bataille-de-sedan.net\/index.php\/wp-json\/wp\/v2\/categories?post=70"},{"taxonomy":"post_tag","embeddable":true,"href":"http:\/\/bataille-de-sedan.net\/index.php\/wp-json\/wp\/v2\/tags?post=70"}],"curies":[{"name":"wp","href":"https:\/\/api.w.org\/{rel}","templated":true}]}}